{"id":245151,"date":"2023-03-30T01:15:39","date_gmt":"2023-03-30T05:15:39","guid":{"rendered":"https:\/\/centromedico.procitas.com.do\/?p=245151"},"modified":"2023-04-05T14:26:23","modified_gmt":"2023-04-05T18:26:23","slug":"dr-william-andres-nunez-grano-de-oro","status":"publish","type":"post","link":"https:\/\/centromedico.procitas.com.do\/en\/bournigal\/dr-william-andres-nunez-grano-de-oro\/","title":{"rendered":"Dr. William Andr\u00e9s N\u00fa\u00f1ez Grano De Oro"},"content":{"rendered":"","protected":false},"excerpt":{"rendered":"","protected":false},"author":4,"featured_media":244731,"comment_status":"open","ping_status":"open","sticky":false,"template":"","format":"standard","meta":{"_et_pb_use_builder":"","_et_pb_old_content":"","_et_gb_content_width":"","footnotes":""},"categories":[1],"tags":[],"class_list":["post-245151","post","type-post","status-publish","format-standard","has-post-thumbnail","hentry","category-bournigal"],"_links":{"self":[{"href":"https:\/\/centromedico.procitas.com.do\/en\/wp-json\/wp\/v2\/posts\/245151","targetHints":{"allow":["GET"]}}],"collection":[{"href":"https:\/\/centromedico.procitas.com.do\/en\/wp-json\/wp\/v2\/posts"}],"about":[{"href":"https:\/\/centromedico.procitas.com.do\/en\/wp-json\/wp\/v2\/types\/post"}],"author":[{"embeddable":true,"href":"https:\/\/centromedico.procitas.com.do\/en\/wp-json\/wp\/v2\/users\/4"}],"replies":[{"embeddable":true,"href":"https:\/\/centromedico.procitas.com.do\/en\/wp-json\/wp\/v2\/comments?post=245151"}],"version-history":[{"count":0,"href":"https:\/\/centromedico.procitas.com.do\/en\/wp-json\/wp\/v2\/posts\/245151\/revisions"}],"wp:featuredmedia":[{"embeddable":true,"href":"https:\/\/centromedico.procitas.com.do\/en\/wp-json\/wp\/v2\/media\/244731"}],"wp:attachment":[{"href":"https:\/\/centromedico.procitas.com.do\/en\/wp-json\/wp\/v2\/media?parent=245151"}],"wp:term":[{"taxonomy":"category","embeddable":true,"href":"https:\/\/centromedico.procitas.com.do\/en\/wp-json\/wp\/v2\/categories?post=245151"},{"taxonomy":"post_tag","embeddable":true,"href":"https:\/\/centromedico.procitas.com.do\/en\/wp-json\/wp\/v2\/tags?post=245151"}],"curies":[{"name":"wp","href":"https:\/\/api.w.org\/{rel}","templated":true}]}}