{"id":245272,"date":"2023-03-30T23:53:11","date_gmt":"2023-03-31T03:53:11","guid":{"rendered":"https:\/\/centromedico.procitas.com.do\/uncategorized\/dr-francisco-matos-urena\/"},"modified":"2023-05-05T22:39:15","modified_gmt":"2023-05-06T02:39:15","slug":"dr-francisco-matos-urena","status":"publish","type":"post","link":"https:\/\/centromedico.procitas.com.do\/en\/bournigal\/dr-francisco-matos-urena\/","title":{"rendered":"Dr. Francisco Matos Ure\u00f1a"},"content":{"rendered":"","protected":false},"excerpt":{"rendered":"<p>Soy el Dr. Francisco Matos U. ?? #neurocirujano, especialista de las enfermedades del cr\u00e1neo y columna vertebral.<\/p>\n<p>Nac\u00ed en Puerto Plata #POP. Me gradu\u00e9 como Doctor en Medicina de la Universidad Iberoamericana (UNIBE) y realice la especialidad de cirug\u00eda neurol\u00f3gica en el Hospital das Cl\u00ednicas de la Universidad de S\u00e3o Paulo, Brasil ????, el complejo hospitalario m\u00e1s grande de Am\u00e9rica Latina??.<\/p>\n<p>\u00c1reas de actuaci\u00f3n: Cirugia cerebrales, columna vertebral y nervios perif\u00e9ricos tanto en ni\u00f1os ???? como en adultos.<\/p>","protected":false},"author":4,"featured_media":245273,"comment_status":"open","ping_status":"open","sticky":false,"template":"","format":"standard","meta":{"_et_pb_use_builder":"","_et_pb_old_content":"","_et_gb_content_width":"","footnotes":""},"categories":[1],"tags":[],"class_list":["post-245272","post","type-post","status-publish","format-standard","has-post-thumbnail","hentry","category-bournigal"],"_links":{"self":[{"href":"https:\/\/centromedico.procitas.com.do\/en\/wp-json\/wp\/v2\/posts\/245272","targetHints":{"allow":["GET"]}}],"collection":[{"href":"https:\/\/centromedico.procitas.com.do\/en\/wp-json\/wp\/v2\/posts"}],"about":[{"href":"https:\/\/centromedico.procitas.com.do\/en\/wp-json\/wp\/v2\/types\/post"}],"author":[{"embeddable":true,"href":"https:\/\/centromedico.procitas.com.do\/en\/wp-json\/wp\/v2\/users\/4"}],"replies":[{"embeddable":true,"href":"https:\/\/centromedico.procitas.com.do\/en\/wp-json\/wp\/v2\/comments?post=245272"}],"version-history":[{"count":0,"href":"https:\/\/centromedico.procitas.com.do\/en\/wp-json\/wp\/v2\/posts\/245272\/revisions"}],"wp:featuredmedia":[{"embeddable":true,"href":"https:\/\/centromedico.procitas.com.do\/en\/wp-json\/wp\/v2\/media\/245273"}],"wp:attachment":[{"href":"https:\/\/centromedico.procitas.com.do\/en\/wp-json\/wp\/v2\/media?parent=245272"}],"wp:term":[{"taxonomy":"category","embeddable":true,"href":"https:\/\/centromedico.procitas.com.do\/en\/wp-json\/wp\/v2\/categories?post=245272"},{"taxonomy":"post_tag","embeddable":true,"href":"https:\/\/centromedico.procitas.com.do\/en\/wp-json\/wp\/v2\/tags?post=245272"}],"curies":[{"name":"wp","href":"https:\/\/api.w.org\/{rel}","templated":true}]}}